{"id":939,"date":"2022-03-31T10:29:17","date_gmt":"2022-03-31T08:29:17","guid":{"rendered":"http:\/\/xn--rotrosagrn-ieb.de\/?p=939"},"modified":"2022-08-19T20:59:22","modified_gmt":"2022-08-19T18:59:22","slug":"bergfest-gemeinderat","status":"publish","type":"post","link":"https:\/\/xn--rotrosagrn-ieb.de\/?p=939","title":{"rendered":"Bergfest Gemeinderat"},"content":{"rendered":"\n<p>Die H\u00e4lfte der gegenw\u00e4rtigen Amtszeit des Fellbacher Gemeinderats ist \u00fcberschritten, 5 Jahre dauert das Ganze bis zu den n\u00e4chsten Wahlen. Grund f\u00fcr einen R\u00fcckblick.<\/p>\n\n\n\n<p>Angefangen hatte das Ganze mit einem Paukenschlag. Ich hatte im Gesichtsbuch geschrieben: Kommunalpolitik ist Schei\u00dfe, deshalb kommt zu unserer Vereidigung. Das hatte einen Wutsturm ausgel\u00f6st, der bis in die Zeitung vordrang. Es wurde in Frage gestellt, warum ich kandidiert hatte und gew\u00e4hlt wurde. Eine Kommentatorin hatte erkannt, da\u00df das sarkastisch von mir gemeint war und mensch das nicht allzu ernst nehmen sollte. Bei der ersten Sitzung im Mai 2019 erschien ich aus Protest in Anzug und Krawatte, die Konservativen in Freizeitkleidung.<\/p>\n\n\n\n<p>Die erste richtige Sitzung bescherte uns einen Rekord: noch nie waren so viele Zuh\u00f6rerinnen im Rathaus. 150 Eltern mit Kindern besuchten uns, da es um die Erh\u00f6hung der Kindertagesst\u00e4tten-Geb\u00fchren ging. Gr\u00fcnrotrosa stimmte dagegen, Schwarzgelb mit ihrer Mehrheit daf\u00fcr. Damit war die Geb\u00fchrensteigerung beschlossene Sache.<\/p>\n\n\n\n<p>Der Fellbacher Herbst 2019 mit 200.000 Besucherinnen war ein weiterer H\u00f6hepunkt vor Corona. Die 900-Jahr-Feier 2021 war lange im voraus geplant, Kulturamtsleiterin Maja Heidenreich hatte mit ihren Mitarbeiterinnen ein bezauberndes abgespecktes Programm hingezaubert, soweit es halt die Corona-Verordnungen zulie\u00dfen.<\/p>\n\n\n\n<p>Ich habe 9 Haushaltsantr\u00e4ge gestellt und eine Anfrage. 3 Haushaltsreden durfte ich als Einzelstadtrat halten mit gro\u00dfem Erfolg (die sind auf YouTube).<\/p>\n\n\n\n<p>Ansonsten gab es jede Menge Abstimmungen, Vorlagen. Der Gemeinderat trifft sich monatlich und tagt im Schnitt 5 Stunden \u00fcberwiegend \u00f6ffentlich. Zuh\u00f6rerinnen sind immer willkommen, wobei es f\u00fcr Au\u00dfenstehende oft nicht ersichtlich ist, wor\u00fcber gerade debattiert wird. <\/p>\n","protected":false},"excerpt":{"rendered":"<p>Die H\u00e4lfte der gegenw\u00e4rtigen Amtszeit des Fellbacher Gemeinderats ist \u00fcberschritten, 5 Jahre dauert das Ganze bis zu den n\u00e4chsten Wahlen. Grund f\u00fcr einen R\u00fcckblick. Angefangen hatte das Ganze mit einem Paukenschlag. Ich hatte im Gesichtsbuch geschrieben: Kommunalpolitik ist Schei\u00dfe, deshalb kommt zu unserer Vereidigung. Das hatte einen Wutsturm ausgel\u00f6st, der bis in die Zeitung vordrang. [&hellip;]<\/p>\n","protected":false},"author":2,"featured_media":0,"comment_status":"open","ping_status":"open","sticky":false,"template":"","format":"standard","meta":{"footnotes":""},"categories":[1],"tags":[9],"class_list":["post-939","post","type-post","status-publish","format-standard","hentry","category-uncategorized","tag-gemeinderat"],"_links":{"self":[{"href":"https:\/\/xn--rotrosagrn-ieb.de\/index.php?rest_route=\/wp\/v2\/posts\/939","targetHints":{"allow":["GET"]}}],"collection":[{"href":"https:\/\/xn--rotrosagrn-ieb.de\/index.php?rest_route=\/wp\/v2\/posts"}],"about":[{"href":"https:\/\/xn--rotrosagrn-ieb.de\/index.php?rest_route=\/wp\/v2\/types\/post"}],"author":[{"embeddable":true,"href":"https:\/\/xn--rotrosagrn-ieb.de\/index.php?rest_route=\/wp\/v2\/users\/2"}],"replies":[{"embeddable":true,"href":"https:\/\/xn--rotrosagrn-ieb.de\/index.php?rest_route=%2Fwp%2Fv2%2Fcomments&post=939"}],"version-history":[{"count":2,"href":"https:\/\/xn--rotrosagrn-ieb.de\/index.php?rest_route=\/wp\/v2\/posts\/939\/revisions"}],"predecessor-version":[{"id":1059,"href":"https:\/\/xn--rotrosagrn-ieb.de\/index.php?rest_route=\/wp\/v2\/posts\/939\/revisions\/1059"}],"wp:attachment":[{"href":"https:\/\/xn--rotrosagrn-ieb.de\/index.php?rest_route=%2Fwp%2Fv2%2Fmedia&parent=939"}],"wp:term":[{"taxonomy":"category","embeddable":true,"href":"https:\/\/xn--rotrosagrn-ieb.de\/index.php?rest_route=%2Fwp%2Fv2%2Fcategories&post=939"},{"taxonomy":"post_tag","embeddable":true,"href":"https:\/\/xn--rotrosagrn-ieb.de\/index.php?rest_route=%2Fwp%2Fv2%2Ftags&post=939"}],"curies":[{"name":"wp","href":"https:\/\/api.w.org\/{rel}","templated":true}]}}