{"id":911,"date":"2022-02-24T01:08:42","date_gmt":"2022-02-24T00:08:42","guid":{"rendered":"http:\/\/xn--rotrosagrn-ieb.de\/?p=911"},"modified":"2022-02-24T01:09:25","modified_gmt":"2022-02-24T00:09:25","slug":"beitrag-der-linken-zum-stadtanzeiger-2-3-22","status":"publish","type":"post","link":"https:\/\/xn--rotrosagrn-ieb.de\/?p=911","title":{"rendered":"Beitrag DER LINKEN zum Stadtanzeiger vom 2.3.22"},"content":{"rendered":"\n<p>Nur in Fellbach ist das Freie Radio f\u00fcr Stuttgart komplett \u00fcber die Antennenfrequenz 99,2 empfangbar. Ein Grund f\u00fcr mich, vor \u00fcber drei Jahren die Sendung &#8222;die Fellb\u00e4cherin&#8220; ins Leben zu rufen mit bisher 40 Sendungen. Ich lade mir am dritten Sonntag eines Monats herausragende Pers\u00f6nlichkeiten aus Politik und Kultur aus Fellbach ins Sendestudio ein. Diese bringen ihre Lieblingsmusik mit. In die n\u00e4chste Sendung am 20. M\u00e4rz von 20 bis 23 Uhr wird der evangelische Pfarrer Markus Eckert von der Johanneskirche in Oeffingen kommen (Jazzreihe Soul Food). Zum Nachh\u00f6ren bitte bei mir melden: amokfisch@web.de Ank\u00fcndigungen sind auf meiner linken Fellbach-Seite: www.rotrosagr\u00fcn.de Das 26 Jahre alte Freie Radio ist noch im Kabel auf 102,1 und \u00fcber www.freies-radio.de empfangbar.<\/p>\n","protected":false},"excerpt":{"rendered":"<p>Nur in Fellbach ist das Freie Radio f\u00fcr Stuttgart komplett \u00fcber die Antennenfrequenz 99,2 empfangbar. Ein Grund f\u00fcr mich, vor \u00fcber drei Jahren die Sendung &#8222;die Fellb\u00e4cherin&#8220; ins Leben zu rufen mit bisher 40 Sendungen. Ich lade mir am dritten Sonntag eines Monats herausragende Pers\u00f6nlichkeiten aus Politik und Kultur aus Fellbach ins Sendestudio ein. Diese [&hellip;]<\/p>\n","protected":false},"author":2,"featured_media":0,"comment_status":"open","ping_status":"open","sticky":false,"template":"","format":"standard","meta":{"footnotes":""},"categories":[1],"tags":[46,51,21],"class_list":["post-911","post","type-post","status-publish","format-standard","hentry","category-uncategorized","tag-jazz","tag-kirche","tag-radio"],"_links":{"self":[{"href":"https:\/\/xn--rotrosagrn-ieb.de\/index.php?rest_route=\/wp\/v2\/posts\/911","targetHints":{"allow":["GET"]}}],"collection":[{"href":"https:\/\/xn--rotrosagrn-ieb.de\/index.php?rest_route=\/wp\/v2\/posts"}],"about":[{"href":"https:\/\/xn--rotrosagrn-ieb.de\/index.php?rest_route=\/wp\/v2\/types\/post"}],"author":[{"embeddable":true,"href":"https:\/\/xn--rotrosagrn-ieb.de\/index.php?rest_route=\/wp\/v2\/users\/2"}],"replies":[{"embeddable":true,"href":"https:\/\/xn--rotrosagrn-ieb.de\/index.php?rest_route=%2Fwp%2Fv2%2Fcomments&post=911"}],"version-history":[{"count":2,"href":"https:\/\/xn--rotrosagrn-ieb.de\/index.php?rest_route=\/wp\/v2\/posts\/911\/revisions"}],"predecessor-version":[{"id":913,"href":"https:\/\/xn--rotrosagrn-ieb.de\/index.php?rest_route=\/wp\/v2\/posts\/911\/revisions\/913"}],"wp:attachment":[{"href":"https:\/\/xn--rotrosagrn-ieb.de\/index.php?rest_route=%2Fwp%2Fv2%2Fmedia&parent=911"}],"wp:term":[{"taxonomy":"category","embeddable":true,"href":"https:\/\/xn--rotrosagrn-ieb.de\/index.php?rest_route=%2Fwp%2Fv2%2Fcategories&post=911"},{"taxonomy":"post_tag","embeddable":true,"href":"https:\/\/xn--rotrosagrn-ieb.de\/index.php?rest_route=%2Fwp%2Fv2%2Ftags&post=911"}],"curies":[{"name":"wp","href":"https:\/\/api.w.org\/{rel}","templated":true}]}}