{"id":666,"date":"2021-06-04T23:17:37","date_gmt":"2021-06-04T21:17:37","guid":{"rendered":"http:\/\/xn--rotrosagrn-ieb.de\/?p=666"},"modified":"2021-06-04T23:17:39","modified_gmt":"2021-06-04T21:17:39","slug":"beitrag-fuer-den-fellbacher-stadtanzeiger-2-juni-2021","status":"publish","type":"post","link":"https:\/\/xn--rotrosagrn-ieb.de\/?p=666","title":{"rendered":"Beitrag f\u00fcr den Fellbacher Stadtanzeiger 2. Juni 2021"},"content":{"rendered":"\n<p>Der neue Natur-, Umwelt- und Klimaschutzausschu\u00df sucht noch bis zum 20. Juni weitere Vertreterinnen zum Thema in Fellbach. Das ist auf alle F\u00e4lle etwas f\u00fcr die fridays for future (Freitage f\u00fcr die Zukunft), die uns das ganze Jahr vor dem Virus mit viel Kreativit\u00e4t und Entschlossenheit auf die Klimakatastrophe aufmerksam machten und zu raschem Handeln aufforderten. Nun besteht die Gelegenheit, dies in unseren Gemeinderat einzuspeisen. Das 10.000 Jahre alte Wissen der Ureinwohnerinnen k\u00f6nnte uns aus dem Schlamassel heraus f\u00fchren, wenn es darum geht, den Planeten zu erhalten und nicht zu zerst\u00f6ren. Weitere Kandidaten f\u00fcr den Ausschu\u00df w\u00e4ren der Allgemeine Deutsche Fahrradclub, der Verkehrsclub Deutschland, die Naturfreunde und der Verein f\u00fcr eine gerechte Welt.<\/p>\n","protected":false},"excerpt":{"rendered":"<p>Der neue Natur-, Umwelt- und Klimaschutzausschu\u00df sucht noch bis zum 20. Juni weitere Vertreterinnen zum Thema in Fellbach. Das ist auf alle F\u00e4lle etwas f\u00fcr die fridays for future (Freitage f\u00fcr die Zukunft), die uns das ganze Jahr vor dem Virus mit viel Kreativit\u00e4t und Entschlossenheit auf die Klimakatastrophe aufmerksam machten und zu raschem Handeln [&hellip;]<\/p>\n","protected":false},"author":2,"featured_media":0,"comment_status":"open","ping_status":"open","sticky":false,"template":"","format":"standard","meta":{"footnotes":""},"categories":[1],"tags":[31,36],"class_list":["post-666","post","type-post","status-publish","format-standard","hentry","category-uncategorized","tag-klima","tag-umwelt"],"_links":{"self":[{"href":"https:\/\/xn--rotrosagrn-ieb.de\/index.php?rest_route=\/wp\/v2\/posts\/666","targetHints":{"allow":["GET"]}}],"collection":[{"href":"https:\/\/xn--rotrosagrn-ieb.de\/index.php?rest_route=\/wp\/v2\/posts"}],"about":[{"href":"https:\/\/xn--rotrosagrn-ieb.de\/index.php?rest_route=\/wp\/v2\/types\/post"}],"author":[{"embeddable":true,"href":"https:\/\/xn--rotrosagrn-ieb.de\/index.php?rest_route=\/wp\/v2\/users\/2"}],"replies":[{"embeddable":true,"href":"https:\/\/xn--rotrosagrn-ieb.de\/index.php?rest_route=%2Fwp%2Fv2%2Fcomments&post=666"}],"version-history":[{"count":1,"href":"https:\/\/xn--rotrosagrn-ieb.de\/index.php?rest_route=\/wp\/v2\/posts\/666\/revisions"}],"predecessor-version":[{"id":667,"href":"https:\/\/xn--rotrosagrn-ieb.de\/index.php?rest_route=\/wp\/v2\/posts\/666\/revisions\/667"}],"wp:attachment":[{"href":"https:\/\/xn--rotrosagrn-ieb.de\/index.php?rest_route=%2Fwp%2Fv2%2Fmedia&parent=666"}],"wp:term":[{"taxonomy":"category","embeddable":true,"href":"https:\/\/xn--rotrosagrn-ieb.de\/index.php?rest_route=%2Fwp%2Fv2%2Fcategories&post=666"},{"taxonomy":"post_tag","embeddable":true,"href":"https:\/\/xn--rotrosagrn-ieb.de\/index.php?rest_route=%2Fwp%2Fv2%2Ftags&post=666"}],"curies":[{"name":"wp","href":"https:\/\/api.w.org\/{rel}","templated":true}]}}