{"id":319,"date":"2019-12-06T23:13:20","date_gmt":"2019-12-06T22:13:20","guid":{"rendered":"http:\/\/xn--rotrosagrn-ieb.de\/?p=319"},"modified":"2019-12-06T23:13:20","modified_gmt":"2019-12-06T22:13:20","slug":"leserbrief-zum-militaerkonzert","status":"publish","type":"post","link":"https:\/\/xn--rotrosagrn-ieb.de\/?p=319","title":{"rendered":"Leserbrief zum Milit\u00e4rkonzert"},"content":{"rendered":"<p>Sehr geehrte Damen und Herren,<\/p>\n<p>Ihr von der Bundeswehr-Werbung inspirierter oder gar abgeschriebener Artikel reiht sich ein in eine lange Reihe lobhudelnder Berichterstattung in vielen Medien zu einem todernsten Thema.<\/p>\n<p>Die Ausgaben f\u00fcr die Milit\u00e4rmusik -ohne Personalkosten- betrugen vor 5 Jahren knapp 6,5 Millionen im Jahr. Heute liegen sie nach Auskunft des Verteidigungsministerums konstant \u00fcber 10 Millionen. Dies geht einher mit einer drastischen Erh\u00f6hung des Milit\u00e4retats, angestrebtes Ziel 2% des Bruttosozialproduktes, was 85 Milliarden Euro j\u00e4hrlich bedeutet.<\/p>\n<p>Die Orchester begleiten musikalisch die Verabschiedung von Truppen in den Krieg oder spielen auf, wenn Staatsg\u00e4ste begr\u00fcsst werden. Sogar f\u00fcr private Veranstaltungen k\u00f6nnen die MusikerInnen der Bundeswehr kostenlos gebucht werden. Nat\u00fcrlich nicht, um die Bev\u00f6lkerung mit ihrem Liedgut zu erfreuen, sondern aus k\u00fchler Berechnung: \u201eIm Rahmen der \u00d6ffentlichkeitsarbeit engagiert sich die Milit\u00e4rmusik in zahlreichen sozialen und karitativen Projekten. Sie f\u00f6rdert damit die Identifikation mit der Bundeswehr und ihre Verankerung in der Gesellschaft\u201c, so die Auskunft des Verteidigungsministeriums auf eine Anfrage des Linken-Abgeordneten Tobias Pfl\u00fcger. Dieser kritisiert die Steigerung der Ausgaben und meint dazu: \u201eDurch die Auftritte der Musikkorps soll die Bundeswehr in der \u00d6ffentlichkeit positiv pr\u00e4sentiert und Milit\u00e4risches in der Gesellschaft normalisiert werden\u201c.<\/p>\n<p>Vor 10 Jahren musste der damalige Bundespr\u00e4sident K\u00f6hler noch zur\u00fccktreten, weil er Milit\u00e4reins\u00e4tze zur Sicherung der Handelswege als im Notfall n\u00fctzlich und zul\u00e4ssig bezeichnete. Als vor Kurzem die neue Verteidigungsministerin und \u201eC\u201cDU- Vorsitzende Annegret Kramp-Karrenbauer sich genau in diesem Sinne \u00e4usserte und sich sogar Kriegseins\u00e4tze im Pazifik zur Sicherung der Handelswege vorstellen konnte, regte sich kaum Kritik bzw. nur von den \u00fcblichen Verd\u00e4chtigen, der Friedensbewegung und der Linkspartei. Ansonsten Schweigen im Bl\u00e4tterwald. Dabei finden schon die derzeitigen Auslandseins\u00e4tze der Bundeswehr h\u00e4ufig in rechtlichen Grauzonen statt, ohne UN-Mandat und bei starker Dehnung des Begriffs der Verteidigung. Diese alleine aber rechtfertigt ein milit\u00e4risches Eingreifen, Art. 87a GG.<\/p>\n<p>Wie ernst die Lage schon ist, kann man neben den zahlreichen Auslandseins\u00e4tzen mit toten Soldaten, auch daran erkennen, dass dieses Jahr erstmalig Man\u00f6ver auf \u00f6ffentlichen Strassen in Mecklenburg-Vorpommern stattfanden, angeblich um Panzereins\u00e4tze im fernen Afghanistan zu \u00fcben, w\u00e4hrend nach Abschluss des Man\u00f6vers das dortige Ordnungsamt zufrieden konstatierte, \u201edass sich die Strassen (Mecklenburg-Vorpommerns) als breit genug erwiesen h\u00e4tten\u201c. Noch Fragen?<\/p>\n<p>Berthold Brecht hat noch immer recht, wenn er warnt: \u201e Denn der Menschheit drohen Kriege, gegen welche die vergangenen wie armselige Versuche sind und sie werden kommen ohne jeden Zweifel, wenn denen, die sie in aller \u00d6ffentlichkeit vorbereiten, nicht die H\u00e4nde zerschlagen werden.\u201c Deshalb muss Schluss sein mit der Verharmlosung der Bundeswehr-Aktivit\u00e4ten, seien es Auslandseins\u00e4tze, Konzerte, Besuche der Werbeoffiziere in den Schulen, denn Brunnen bohren kann das THW besser, Musikkapellen und Ch\u00f6re gibt es Hunderttausende, die gerne auftreten w\u00fcrden, auch in Kirchen, und eine solide Ausbildung f\u00fcrs Leben ist allemal besser als eine Ausbildung zum T\u00f6ten. Vergessen wir nicht, dass durch den Wegfall der Wehrpflicht und dem Aufbau einer Berufsarmee ein Paradigmenwechsel eingetreten ist, der gerade nicht der Friedensicherung dient.<\/p>\n<p>Ingrid Stanimirov, DIE LINKE Fellbach<\/p>\n<p>&nbsp;<\/p>\n","protected":false},"excerpt":{"rendered":"<p>Sehr geehrte Damen und Herren, Ihr von der Bundeswehr-Werbung inspirierter oder gar abgeschriebener Artikel reiht sich ein in eine lange Reihe lobhudelnder Berichterstattung in vielen Medien zu einem todernsten Thema. Die Ausgaben f\u00fcr die Milit\u00e4rmusik -ohne Personalkosten- betrugen vor 5 Jahren knapp 6,5 Millionen im Jahr. Heute liegen sie nach Auskunft des Verteidigungsministerums konstant \u00fcber [&hellip;]<\/p>\n","protected":false},"author":2,"featured_media":0,"comment_status":"open","ping_status":"open","sticky":false,"template":"","format":"standard","meta":{"footnotes":""},"categories":[1],"tags":[12,14],"class_list":["post-319","post","type-post","status-publish","format-standard","hentry","category-uncategorized","tag-frieden","tag-zeitung"],"_links":{"self":[{"href":"https:\/\/xn--rotrosagrn-ieb.de\/index.php?rest_route=\/wp\/v2\/posts\/319","targetHints":{"allow":["GET"]}}],"collection":[{"href":"https:\/\/xn--rotrosagrn-ieb.de\/index.php?rest_route=\/wp\/v2\/posts"}],"about":[{"href":"https:\/\/xn--rotrosagrn-ieb.de\/index.php?rest_route=\/wp\/v2\/types\/post"}],"author":[{"embeddable":true,"href":"https:\/\/xn--rotrosagrn-ieb.de\/index.php?rest_route=\/wp\/v2\/users\/2"}],"replies":[{"embeddable":true,"href":"https:\/\/xn--rotrosagrn-ieb.de\/index.php?rest_route=%2Fwp%2Fv2%2Fcomments&post=319"}],"version-history":[{"count":2,"href":"https:\/\/xn--rotrosagrn-ieb.de\/index.php?rest_route=\/wp\/v2\/posts\/319\/revisions"}],"predecessor-version":[{"id":321,"href":"https:\/\/xn--rotrosagrn-ieb.de\/index.php?rest_route=\/wp\/v2\/posts\/319\/revisions\/321"}],"wp:attachment":[{"href":"https:\/\/xn--rotrosagrn-ieb.de\/index.php?rest_route=%2Fwp%2Fv2%2Fmedia&parent=319"}],"wp:term":[{"taxonomy":"category","embeddable":true,"href":"https:\/\/xn--rotrosagrn-ieb.de\/index.php?rest_route=%2Fwp%2Fv2%2Fcategories&post=319"},{"taxonomy":"post_tag","embeddable":true,"href":"https:\/\/xn--rotrosagrn-ieb.de\/index.php?rest_route=%2Fwp%2Fv2%2Ftags&post=319"}],"curies":[{"name":"wp","href":"https:\/\/api.w.org\/{rel}","templated":true}]}}