{"id":290,"date":"2019-10-22T23:29:46","date_gmt":"2019-10-22T21:29:46","guid":{"rendered":"http:\/\/xn--rotrosagrn-ieb.de\/?p=290"},"modified":"2019-10-22T23:29:46","modified_gmt":"2019-10-22T21:29:46","slug":"fellbacher-parkraummurks","status":"publish","type":"post","link":"https:\/\/xn--rotrosagrn-ieb.de\/?p=290","title":{"rendered":"Fellbacher Parkraummurks"},"content":{"rendered":"<p>(bki) Nachdem die Stadt Stuttgart nicht mehr mit automobilen NOx-Schleudern befahren werden darf, fremdparken immer mehr mit Geb\u00fchren belegt und am fellbacher Stadtrand die Zufahrt mit einer Pf\u00f6rtnerampel regelt, denkt jetzt auch die fellbacher Stadtverwaltung laut \u00fcber Parkraum&#8220;management&#8220; nach, um den gef\u00fchlten stuttgarter Parkr\u00fcckstau zu d\u00e4mpfen (unser Bild).<\/p>\n<p><img loading=\"lazy\" decoding=\"async\" class=\"alignnone  wp-image-291\" src=\"https:\/\/xn--rotrosagrn-ieb.de\/wp-content\/uploads\/2019\/10\/GR-2019-10-22-300x223.jpg\" alt=\"\" width=\"399\" height=\"297\" srcset=\"https:\/\/xn--rotrosagrn-ieb.de\/wp-content\/uploads\/2019\/10\/GR-2019-10-22-300x223.jpg 300w, https:\/\/xn--rotrosagrn-ieb.de\/wp-content\/uploads\/2019\/10\/GR-2019-10-22-768x571.jpg 768w, https:\/\/xn--rotrosagrn-ieb.de\/wp-content\/uploads\/2019\/10\/GR-2019-10-22-1024x762.jpg 1024w, https:\/\/xn--rotrosagrn-ieb.de\/wp-content\/uploads\/2019\/10\/GR-2019-10-22-618x460.jpg 618w, https:\/\/xn--rotrosagrn-ieb.de\/wp-content\/uploads\/2019\/10\/GR-2019-10-22-138x104.jpg 138w, https:\/\/xn--rotrosagrn-ieb.de\/wp-content\/uploads\/2019\/10\/GR-2019-10-22-444x330.jpg 444w, https:\/\/xn--rotrosagrn-ieb.de\/wp-content\/uploads\/2019\/10\/GR-2019-10-22.jpg 1242w\" sizes=\"auto, (max-width: 399px) 100vw, 399px\" \/><\/p>\n<p>Es handelt sich eher um ein &#8222;management light&#8220;, denn bisher redet niemand \u00fcber Parkgeb\u00fchren f\u00fcr Fremdparker*innen &#8211; wie etwa in Stuttgart. Das Lindle (Gebiet 3) bleibt ganz verschont. Selbst die am meisten vom fremdparken geplagte Bahnhof-Umgebung (Gebiet 1) braucht noch etwas Bedenkzeit. Nur im &#8222;Komponistenquartier&#8220; n\u00f6rdlich der Schwabenlandhalle (Gebiet 2) soll in 2021 mit einer Parkzeitbeschr\u00e4nkung f\u00fcr Fremdparker begonnen werden. Dies w\u00fcrde wohl etwa 200 fremde Dauerparker auf die umliegenden Parkgelegenheiten und den \u00d6PNV vergr\u00e4men.<\/p>\n<p>Da bekamen es doch die Fraktionen von CDU, FW\/FD und sogar SPD im Gemeinderat am 22.10.2019 hin, die Verwaltung noch weiter in ihrem eher beschaulichen Tun zu bremsen, statt endlich energischer gegen den klimasch\u00e4dlichen Autowahn anzugehen! Linksstadtrat Armin Fischer dazu: &#8222;Mir fehlen die Worte. Vern\u00fcnftiger w\u00e4re es gewesen, in der \u00e4u\u00dferen Remstalstra\u00dfe gleich noch zus\u00e4tzlich eine Pf\u00f6rtnerampel aufzustellen und in der Burgstra\u00dfe auf Tempo 30 umzuschalten, damit die geplagten Anwohner dort und in Schmiden-City wieder ihre eigenen Worte h\u00f6ren und die Luft ohne Gasmaske einatmen k\u00f6nnen!&#8220;<\/p>\n","protected":false},"excerpt":{"rendered":"<p>(bki) Nachdem die Stadt Stuttgart nicht mehr mit automobilen NOx-Schleudern befahren werden darf, fremdparken immer mehr mit Geb\u00fchren belegt und am fellbacher Stadtrand die Zufahrt mit einer Pf\u00f6rtnerampel regelt, denkt jetzt auch die fellbacher Stadtverwaltung laut \u00fcber Parkraum&#8220;management&#8220; nach, um den gef\u00fchlten stuttgarter Parkr\u00fcckstau zu d\u00e4mpfen (unser Bild). Es handelt sich eher um ein &#8222;management [&hellip;]<\/p>\n","protected":false},"author":2,"featured_media":0,"comment_status":"open","ping_status":"open","sticky":false,"template":"","format":"standard","meta":{"footnotes":""},"categories":[1],"tags":[5],"class_list":["post-290","post","type-post","status-publish","format-standard","hentry","category-uncategorized","tag-verkehr"],"_links":{"self":[{"href":"https:\/\/xn--rotrosagrn-ieb.de\/index.php?rest_route=\/wp\/v2\/posts\/290","targetHints":{"allow":["GET"]}}],"collection":[{"href":"https:\/\/xn--rotrosagrn-ieb.de\/index.php?rest_route=\/wp\/v2\/posts"}],"about":[{"href":"https:\/\/xn--rotrosagrn-ieb.de\/index.php?rest_route=\/wp\/v2\/types\/post"}],"author":[{"embeddable":true,"href":"https:\/\/xn--rotrosagrn-ieb.de\/index.php?rest_route=\/wp\/v2\/users\/2"}],"replies":[{"embeddable":true,"href":"https:\/\/xn--rotrosagrn-ieb.de\/index.php?rest_route=%2Fwp%2Fv2%2Fcomments&post=290"}],"version-history":[{"count":1,"href":"https:\/\/xn--rotrosagrn-ieb.de\/index.php?rest_route=\/wp\/v2\/posts\/290\/revisions"}],"predecessor-version":[{"id":292,"href":"https:\/\/xn--rotrosagrn-ieb.de\/index.php?rest_route=\/wp\/v2\/posts\/290\/revisions\/292"}],"wp:attachment":[{"href":"https:\/\/xn--rotrosagrn-ieb.de\/index.php?rest_route=%2Fwp%2Fv2%2Fmedia&parent=290"}],"wp:term":[{"taxonomy":"category","embeddable":true,"href":"https:\/\/xn--rotrosagrn-ieb.de\/index.php?rest_route=%2Fwp%2Fv2%2Fcategories&post=290"},{"taxonomy":"post_tag","embeddable":true,"href":"https:\/\/xn--rotrosagrn-ieb.de\/index.php?rest_route=%2Fwp%2Fv2%2Ftags&post=290"}],"curies":[{"name":"wp","href":"https:\/\/api.w.org\/{rel}","templated":true}]}}