{"id":265,"date":"2019-08-27T13:59:29","date_gmt":"2019-08-27T11:59:29","guid":{"rendered":"http:\/\/xn--rotrosagrn-ieb.de\/?p=265"},"modified":"2019-08-27T14:05:22","modified_gmt":"2019-08-27T12:05:22","slug":"265","status":"publish","type":"post","link":"https:\/\/xn--rotrosagrn-ieb.de\/?p=265","title":{"rendered":"Fahrrad-Fahrt entlang der Nord-Ost-Autobahn"},"content":{"rendered":"<p>(bki) Am Sonntag 04.08.2019 organisierte der Cannstatter Ortsverband eine Info-Radtour entlang des geplanten Nordostrings. Die Regionalversammlung hatte ihn zuvor mit &#8222;h\u00f6chster Dringlichkeit&#8220; in den Regionalverkehrsplan aufgenommen. Dagegen ist nicht nur die regionale sondern auch die \u00f6rtliche LINKE, die ebenfalls zur Teilnahme aufgerufen hatte. Bei nahezu idealem Wetter radelten etwa 30 Interessierte bis zur Vereinsgastst\u00e4tte des TSV Zazenhausen mit.<\/p>\n<p>Joseph Michl von der Arge Nord-Ost erkl\u00e4rte an mehreren Haltepunkten die nachteiligen Auswirkungen des Nordostrings: Es w\u00fcrden nicht nur wertvollste und unersetzliche Ackerb\u00f6den versiegelt, ein wichtiges Naherholungsgebiet zerschnitten und verl\u00e4rmt, sondern auch eine weitere verkehrspolitische Fehlentscheidung f\u00fcr eine Art Ringautobahn rund um Stuttgart getroffen.<\/p>\n<p>Auf der Tour wurde auch der neuliche Vorsto\u00df von Landesverkehrsminister Winfried Hermann f\u00fcr einen Nordostring-Faktencheck diskutiert. Ursel Beck, cannstatter Sprecherin, sieht dabei die Gefahr, dass der Bund als Bauherr die relevanten Fakten bestimmt und wie bei S 21 verdreht. Die Arge Nord-Ost besitzt immerhin einige Gr\u00fcnfl\u00e4chen auf dem vorgesehenen Gel\u00e4nde des Nordostrings und wird sich dem Strassenbau energisch widersetzen.<\/p>\n<p>Alle Radler\/innen waren sich einig: Der Nordostring muss verhindert werden!<\/p>\n","protected":false},"excerpt":{"rendered":"<p>(bki) Am Sonntag 04.08.2019 organisierte der Cannstatter Ortsverband eine Info-Radtour entlang des geplanten Nordostrings. Die Regionalversammlung hatte ihn zuvor mit &#8222;h\u00f6chster Dringlichkeit&#8220; in den Regionalverkehrsplan aufgenommen. Dagegen ist nicht nur die regionale sondern auch die \u00f6rtliche LINKE, die ebenfalls zur Teilnahme aufgerufen hatte. Bei nahezu idealem Wetter radelten etwa 30 Interessierte bis zur Vereinsgastst\u00e4tte des [&hellip;]<\/p>\n","protected":false},"author":2,"featured_media":0,"comment_status":"open","ping_status":"open","sticky":false,"template":"","format":"standard","meta":{"footnotes":""},"categories":[1],"tags":[11],"class_list":["post-265","post","type-post","status-publish","format-standard","hentry","category-uncategorized","tag-nord-ost-ring"],"_links":{"self":[{"href":"https:\/\/xn--rotrosagrn-ieb.de\/index.php?rest_route=\/wp\/v2\/posts\/265","targetHints":{"allow":["GET"]}}],"collection":[{"href":"https:\/\/xn--rotrosagrn-ieb.de\/index.php?rest_route=\/wp\/v2\/posts"}],"about":[{"href":"https:\/\/xn--rotrosagrn-ieb.de\/index.php?rest_route=\/wp\/v2\/types\/post"}],"author":[{"embeddable":true,"href":"https:\/\/xn--rotrosagrn-ieb.de\/index.php?rest_route=\/wp\/v2\/users\/2"}],"replies":[{"embeddable":true,"href":"https:\/\/xn--rotrosagrn-ieb.de\/index.php?rest_route=%2Fwp%2Fv2%2Fcomments&post=265"}],"version-history":[{"count":3,"href":"https:\/\/xn--rotrosagrn-ieb.de\/index.php?rest_route=\/wp\/v2\/posts\/265\/revisions"}],"predecessor-version":[{"id":268,"href":"https:\/\/xn--rotrosagrn-ieb.de\/index.php?rest_route=\/wp\/v2\/posts\/265\/revisions\/268"}],"wp:attachment":[{"href":"https:\/\/xn--rotrosagrn-ieb.de\/index.php?rest_route=%2Fwp%2Fv2%2Fmedia&parent=265"}],"wp:term":[{"taxonomy":"category","embeddable":true,"href":"https:\/\/xn--rotrosagrn-ieb.de\/index.php?rest_route=%2Fwp%2Fv2%2Fcategories&post=265"},{"taxonomy":"post_tag","embeddable":true,"href":"https:\/\/xn--rotrosagrn-ieb.de\/index.php?rest_route=%2Fwp%2Fv2%2Ftags&post=265"}],"curies":[{"name":"wp","href":"https:\/\/api.w.org\/{rel}","templated":true}]}}