{"id":2121,"date":"2026-05-01T09:43:40","date_gmt":"2026-05-01T07:43:40","guid":{"rendered":"https:\/\/xn--rotrosagrn-ieb.de\/?p=2121"},"modified":"2026-05-01T09:47:42","modified_gmt":"2026-05-01T07:47:42","slug":"ungarn-im-rathaus","status":"publish","type":"post","link":"https:\/\/xn--rotrosagrn-ieb.de\/?p=2121","title":{"rendered":"Ungarn im Rathaus"},"content":{"rendered":"\n<p>Anl\u00e4\u00dflich 40 Jahre Partnerschaft mit Pecs gab es letzten Sonntag eine hockar\u00e4tige Veranstaltung im Gro\u00dfen Saal des Fellbacher Rathauses. Mit einer Rede von Oberb\u00fcrgermeisterin Gabriele Zull, die im Sommer mit zwei Stadtr\u00e4tinnen dorthin fahren wird. Der bekannteste Sohn dieser Metropole ist Victor Vasarely, der als Erwachsener nach Paris ausgewandert ist und sich dort den ungarischen Namen ge\u00e4ndert hat. Er war ein Vorreiter der modernen Malerei mit seiner Op-Art (optische Kunst). Unter anderem gestaltete er das Plakat zur Olymiade in M\u00fcnchen 1972 oder das Logo des Kutschenherstellers Renault. Sehr beeindruckend, was diesr K\u00fcnstler geschaffen hat. Es gibt auch ein Museum mit seinen Werken.<\/p>\n\n\n\n<p>Da der St\u00e4dtepartnerschaftsverein sich vor einem halben Jahr aufl\u00f6ste, war dies mehr oder weniger dessen Abschiedsveranstaltung. Es fand sich kein neuer Vorstand. Jedenfalls war dieser Verein sehr flei\u00dfig, Schade.<\/p>\n\n\n\n<p><\/p>\n","protected":false},"excerpt":{"rendered":"<p>Anl\u00e4\u00dflich 40 Jahre Partnerschaft mit Pecs gab es letzten Sonntag eine hockar\u00e4tige Veranstaltung im Gro\u00dfen Saal des Fellbacher Rathauses. Mit einer Rede von Oberb\u00fcrgermeisterin Gabriele Zull, die im Sommer mit zwei Stadtr\u00e4tinnen dorthin fahren wird. Der bekannteste Sohn dieser Metropole ist Victor Vasarely, der als Erwachsener nach Paris ausgewandert ist und sich dort den ungarischen [&hellip;]<\/p>\n","protected":false},"author":2,"featured_media":0,"comment_status":"open","ping_status":"open","sticky":false,"template":"","format":"standard","meta":{"footnotes":""},"categories":[127,128,156],"tags":[83,53],"class_list":["post-2121","post","type-post","status-publish","format-standard","hentry","category-kultur","category-politik","category-vereine","tag-kunst","tag-ungarn"],"_links":{"self":[{"href":"https:\/\/xn--rotrosagrn-ieb.de\/index.php?rest_route=\/wp\/v2\/posts\/2121","targetHints":{"allow":["GET"]}}],"collection":[{"href":"https:\/\/xn--rotrosagrn-ieb.de\/index.php?rest_route=\/wp\/v2\/posts"}],"about":[{"href":"https:\/\/xn--rotrosagrn-ieb.de\/index.php?rest_route=\/wp\/v2\/types\/post"}],"author":[{"embeddable":true,"href":"https:\/\/xn--rotrosagrn-ieb.de\/index.php?rest_route=\/wp\/v2\/users\/2"}],"replies":[{"embeddable":true,"href":"https:\/\/xn--rotrosagrn-ieb.de\/index.php?rest_route=%2Fwp%2Fv2%2Fcomments&post=2121"}],"version-history":[{"count":2,"href":"https:\/\/xn--rotrosagrn-ieb.de\/index.php?rest_route=\/wp\/v2\/posts\/2121\/revisions"}],"predecessor-version":[{"id":2124,"href":"https:\/\/xn--rotrosagrn-ieb.de\/index.php?rest_route=\/wp\/v2\/posts\/2121\/revisions\/2124"}],"wp:attachment":[{"href":"https:\/\/xn--rotrosagrn-ieb.de\/index.php?rest_route=%2Fwp%2Fv2%2Fmedia&parent=2121"}],"wp:term":[{"taxonomy":"category","embeddable":true,"href":"https:\/\/xn--rotrosagrn-ieb.de\/index.php?rest_route=%2Fwp%2Fv2%2Fcategories&post=2121"},{"taxonomy":"post_tag","embeddable":true,"href":"https:\/\/xn--rotrosagrn-ieb.de\/index.php?rest_route=%2Fwp%2Fv2%2Ftags&post=2121"}],"curies":[{"name":"wp","href":"https:\/\/api.w.org\/{rel}","templated":true}]}}