{"id":2105,"date":"2026-04-27T20:04:30","date_gmt":"2026-04-27T18:04:30","guid":{"rendered":"https:\/\/xn--rotrosagrn-ieb.de\/?p=2105"},"modified":"2026-04-27T20:04:30","modified_gmt":"2026-04-27T18:04:30","slug":"der-deutsche-jazzpreis-geht-nach-fellbach","status":"publish","type":"post","link":"https:\/\/xn--rotrosagrn-ieb.de\/?p=2105","title":{"rendered":"Der Deutsche Jazzpreis geht nach Fellbach"},"content":{"rendered":"\n<p>Groove Inclusion ist eine Formation, bei der Menschen, die behindert werden und Normalos zusammen Jazz machen. Nun haben die Gr\u00fcnderinnen Hans Fickelscher, Fachbereichsleiter an der Fellbacher Musikschule und Rosa Budziat, ehemalige Leiterin der Volkshochschule Unteres Remstal, endlich die Ernte eingefahren. Vorgestern bekamen sie mit Ihrer Truppe den Deutschen Jazzpreis 2026 in der Kategorie Teilhabe vom konservativen Staatsminister f\u00fcr Kultur, Wolfgang Weimer, verliehen. Nicht nur die Fellbacher SPD, die den Jazz im Gemeinderat tapfer hoch h\u00e4lt, gratuliert sondern auch Jazz funkt im Freien Radio f\u00fcr Stuttgart, wo Hans und Rosa schon ein paar Mal zu Gast waren.<\/p>\n\n\n\n<p><\/p>\n","protected":false},"excerpt":{"rendered":"<p>Groove Inclusion ist eine Formation, bei der Menschen, die behindert werden und Normalos zusammen Jazz machen. Nun haben die Gr\u00fcnderinnen Hans Fickelscher, Fachbereichsleiter an der Fellbacher Musikschule und Rosa Budziat, ehemalige Leiterin der Volkshochschule Unteres Remstal, endlich die Ernte eingefahren. Vorgestern bekamen sie mit Ihrer Truppe den Deutschen Jazzpreis 2026 in der Kategorie Teilhabe vom [&hellip;]<\/p>\n","protected":false},"author":2,"featured_media":0,"comment_status":"open","ping_status":"open","sticky":false,"template":"","format":"standard","meta":{"footnotes":""},"categories":[127],"tags":[162,46],"class_list":["post-2105","post","type-post","status-publish","format-standard","hentry","category-kultur","tag-bundesregierung","tag-jazz"],"_links":{"self":[{"href":"https:\/\/xn--rotrosagrn-ieb.de\/index.php?rest_route=\/wp\/v2\/posts\/2105","targetHints":{"allow":["GET"]}}],"collection":[{"href":"https:\/\/xn--rotrosagrn-ieb.de\/index.php?rest_route=\/wp\/v2\/posts"}],"about":[{"href":"https:\/\/xn--rotrosagrn-ieb.de\/index.php?rest_route=\/wp\/v2\/types\/post"}],"author":[{"embeddable":true,"href":"https:\/\/xn--rotrosagrn-ieb.de\/index.php?rest_route=\/wp\/v2\/users\/2"}],"replies":[{"embeddable":true,"href":"https:\/\/xn--rotrosagrn-ieb.de\/index.php?rest_route=%2Fwp%2Fv2%2Fcomments&post=2105"}],"version-history":[{"count":1,"href":"https:\/\/xn--rotrosagrn-ieb.de\/index.php?rest_route=\/wp\/v2\/posts\/2105\/revisions"}],"predecessor-version":[{"id":2106,"href":"https:\/\/xn--rotrosagrn-ieb.de\/index.php?rest_route=\/wp\/v2\/posts\/2105\/revisions\/2106"}],"wp:attachment":[{"href":"https:\/\/xn--rotrosagrn-ieb.de\/index.php?rest_route=%2Fwp%2Fv2%2Fmedia&parent=2105"}],"wp:term":[{"taxonomy":"category","embeddable":true,"href":"https:\/\/xn--rotrosagrn-ieb.de\/index.php?rest_route=%2Fwp%2Fv2%2Fcategories&post=2105"},{"taxonomy":"post_tag","embeddable":true,"href":"https:\/\/xn--rotrosagrn-ieb.de\/index.php?rest_route=%2Fwp%2Fv2%2Ftags&post=2105"}],"curies":[{"name":"wp","href":"https:\/\/api.w.org\/{rel}","templated":true}]}}