{"id":2074,"date":"2026-03-12T10:30:19","date_gmt":"2026-03-12T09:30:19","guid":{"rendered":"https:\/\/xn--rotrosagrn-ieb.de\/?p=2074"},"modified":"2026-03-12T10:32:48","modified_gmt":"2026-03-12T09:32:48","slug":"wahlrekord","status":"publish","type":"post","link":"https:\/\/xn--rotrosagrn-ieb.de\/?p=2074","title":{"rendered":"Wahlrekord"},"content":{"rendered":"\n<p>Wie du bestimmt mitbekommen hast, erhielt meine SPD das schlechteste Wahlergebnis in der Geschichte der BRD: 5,5 Prozent. Die Sitze halbierten sich von 20 auf 10. Andreas Stoch mu\u00dfte seinen Hut nehmen obwohl er nicht die Hauptverantwortung tr\u00e4gt. Generalsekret\u00e4r Sascha Binder ist neuer Fraktionsvorsitzender.<\/p>\n\n\n\n<p>Obwohl es alles traurig ist, der Wahlkampf hat wieder Spa\u00df gemacht. Unsere Kandidatin f\u00fcr den Wahlkreis Waibingen, Bettina S\u00fc\u00dfmilch war jeden Samstag in Fellbach an unserem Marktstand. Ihr Einsatz verschaffte ihr in Fellbach 8,2 Prozent der Stimmen f\u00fcr das Direktmandat (7,9 im Wahlkreis). Dieses holte erstmals Siegfried Lorek aus Winnenden (CDU), der Fl\u00fcchtlings-Staatssekret\u00e4r. Swantje Sperling von B\u00fcndnis 90\/Die Gr\u00fcnen lag dahinter und ist \u00fcber die Landesliste einger\u00fcckt.<\/p>\n\n\n\n<p>Es gab immer wieder tolle Gespr\u00e4che am Stand. Eine Passantin mit Frieda Kahlo-Tasche will mich bei der n\u00e4chsten Abstimmung w\u00e4hlen. Einige kamen zu uns um uns zu erkl\u00e4ren, da\u00df sie Stammw\u00e4hlerinnen sind. CDUSPDGR\u00dcNEFDP waren immer da, die Linken und die Braunen gl\u00e4nzten durch Abwesenheit. Selbst die konservative \u00f6dp hatte einmal einen Stand.<\/p>\n","protected":false},"excerpt":{"rendered":"<p>Wie du bestimmt mitbekommen hast, erhielt meine SPD das schlechteste Wahlergebnis in der Geschichte der BRD: 5,5 Prozent. Die Sitze halbierten sich von 20 auf 10. Andreas Stoch mu\u00dfte seinen Hut nehmen obwohl er nicht die Hauptverantwortung tr\u00e4gt. Generalsekret\u00e4r Sascha Binder ist neuer Fraktionsvorsitzender. Obwohl es alles traurig ist, der Wahlkampf hat wieder Spa\u00df gemacht. [&hellip;]<\/p>\n","protected":false},"author":2,"featured_media":0,"comment_status":"open","ping_status":"open","sticky":false,"template":"","format":"standard","meta":{"footnotes":""},"categories":[128],"tags":[23,3],"class_list":["post-2074","post","type-post","status-publish","format-standard","hentry","category-politik","tag-landtagswahl","tag-spd"],"_links":{"self":[{"href":"https:\/\/xn--rotrosagrn-ieb.de\/index.php?rest_route=\/wp\/v2\/posts\/2074","targetHints":{"allow":["GET"]}}],"collection":[{"href":"https:\/\/xn--rotrosagrn-ieb.de\/index.php?rest_route=\/wp\/v2\/posts"}],"about":[{"href":"https:\/\/xn--rotrosagrn-ieb.de\/index.php?rest_route=\/wp\/v2\/types\/post"}],"author":[{"embeddable":true,"href":"https:\/\/xn--rotrosagrn-ieb.de\/index.php?rest_route=\/wp\/v2\/users\/2"}],"replies":[{"embeddable":true,"href":"https:\/\/xn--rotrosagrn-ieb.de\/index.php?rest_route=%2Fwp%2Fv2%2Fcomments&post=2074"}],"version-history":[{"count":2,"href":"https:\/\/xn--rotrosagrn-ieb.de\/index.php?rest_route=\/wp\/v2\/posts\/2074\/revisions"}],"predecessor-version":[{"id":2076,"href":"https:\/\/xn--rotrosagrn-ieb.de\/index.php?rest_route=\/wp\/v2\/posts\/2074\/revisions\/2076"}],"wp:attachment":[{"href":"https:\/\/xn--rotrosagrn-ieb.de\/index.php?rest_route=%2Fwp%2Fv2%2Fmedia&parent=2074"}],"wp:term":[{"taxonomy":"category","embeddable":true,"href":"https:\/\/xn--rotrosagrn-ieb.de\/index.php?rest_route=%2Fwp%2Fv2%2Fcategories&post=2074"},{"taxonomy":"post_tag","embeddable":true,"href":"https:\/\/xn--rotrosagrn-ieb.de\/index.php?rest_route=%2Fwp%2Fv2%2Ftags&post=2074"}],"curies":[{"name":"wp","href":"https:\/\/api.w.org\/{rel}","templated":true}]}}