{"id":2034,"date":"2026-01-23T23:12:01","date_gmt":"2026-01-23T22:12:01","guid":{"rendered":"https:\/\/xn--rotrosagrn-ieb.de\/?p=2034"},"modified":"2026-01-23T23:12:02","modified_gmt":"2026-01-23T22:12:02","slug":"wahlkampf","status":"publish","type":"post","link":"https:\/\/xn--rotrosagrn-ieb.de\/?p=2034","title":{"rendered":"Wahlkampf"},"content":{"rendered":"\n<p>Der SPD-Spitzenkandidat Andreas Stoch MdL kommt nach Fellbach zum Walk &amp; Talk von der Neuen Kelter an am Sonntag, dem 1. Februar 2026 von 14:30 bis 15:30 Uhr an der Kappelbergstra\u00dfe 48. Jede ist herzlich eingeladen mit ins Gespr\u00e4ch zu kommen zur Landtagswahl am 8. M\u00e4rz 2026 in Baden-W\u00fcrttemberg. W\u00e4hlen d\u00fcrfen Jugendliche diesmal ab 16 Jahren aufw\u00e4rts. Mit dabei ist die SPD-Kandidatin aus Waiblingen, Bettina S\u00fc\u00dfmilch (Integrationsamt). Stoch stammt aus Heidenheim (in der Bundesliga und Voith-Pumpen). Ebenso wie der Welt-Jazzmusiker Hans Fickelscher (Bereichsleiter an der Musikschule Fellbach und Groove Inclusion). Der Landesvorsitzende der SPD war in der ersten Regierung Kretschmann Kultusminister. Eine Anmeldung ist nicht n\u00f6tig, Eintrittsgeld gibt es keines. Die Fellbacher SPD freut sich auf jede, die kommt und wir sind nat\u00fcrlich auf den sechs Marktst\u00e4nden an den Samstagen ab 31.1.26 pr\u00e4sent mit unserem Pavillion von 8 bis 12 Uhr morgens. Einfach vorbeikommen, diskutieren und Geschenke mitnehmen.<\/p>\n","protected":false},"excerpt":{"rendered":"<p>Der SPD-Spitzenkandidat Andreas Stoch MdL kommt nach Fellbach zum Walk &amp; Talk von der Neuen Kelter an am Sonntag, dem 1. Februar 2026 von 14:30 bis 15:30 Uhr an der Kappelbergstra\u00dfe 48. Jede ist herzlich eingeladen mit ins Gespr\u00e4ch zu kommen zur Landtagswahl am 8. M\u00e4rz 2026 in Baden-W\u00fcrttemberg. W\u00e4hlen d\u00fcrfen Jugendliche diesmal ab 16 [&hellip;]<\/p>\n","protected":false},"author":2,"featured_media":0,"comment_status":"open","ping_status":"open","sticky":false,"template":"","format":"standard","meta":{"footnotes":""},"categories":[135,149,154,128,132],"tags":[23,3],"class_list":["post-2034","post","type-post","status-publish","format-standard","hentry","category-ausflug","category-bildung","category-gerechtigkeit","category-politik","category-wirtschaft","tag-landtagswahl","tag-spd"],"_links":{"self":[{"href":"https:\/\/xn--rotrosagrn-ieb.de\/index.php?rest_route=\/wp\/v2\/posts\/2034","targetHints":{"allow":["GET"]}}],"collection":[{"href":"https:\/\/xn--rotrosagrn-ieb.de\/index.php?rest_route=\/wp\/v2\/posts"}],"about":[{"href":"https:\/\/xn--rotrosagrn-ieb.de\/index.php?rest_route=\/wp\/v2\/types\/post"}],"author":[{"embeddable":true,"href":"https:\/\/xn--rotrosagrn-ieb.de\/index.php?rest_route=\/wp\/v2\/users\/2"}],"replies":[{"embeddable":true,"href":"https:\/\/xn--rotrosagrn-ieb.de\/index.php?rest_route=%2Fwp%2Fv2%2Fcomments&post=2034"}],"version-history":[{"count":1,"href":"https:\/\/xn--rotrosagrn-ieb.de\/index.php?rest_route=\/wp\/v2\/posts\/2034\/revisions"}],"predecessor-version":[{"id":2035,"href":"https:\/\/xn--rotrosagrn-ieb.de\/index.php?rest_route=\/wp\/v2\/posts\/2034\/revisions\/2035"}],"wp:attachment":[{"href":"https:\/\/xn--rotrosagrn-ieb.de\/index.php?rest_route=%2Fwp%2Fv2%2Fmedia&parent=2034"}],"wp:term":[{"taxonomy":"category","embeddable":true,"href":"https:\/\/xn--rotrosagrn-ieb.de\/index.php?rest_route=%2Fwp%2Fv2%2Fcategories&post=2034"},{"taxonomy":"post_tag","embeddable":true,"href":"https:\/\/xn--rotrosagrn-ieb.de\/index.php?rest_route=%2Fwp%2Fv2%2Ftags&post=2034"}],"curies":[{"name":"wp","href":"https:\/\/api.w.org\/{rel}","templated":true}]}}