{"id":1577,"date":"2024-04-17T21:37:56","date_gmt":"2024-04-17T19:37:56","guid":{"rendered":"https:\/\/xn--rotrosagrn-ieb.de\/?p=1577"},"modified":"2025-12-11T21:07:00","modified_gmt":"2025-12-11T20:07:00","slug":"informationsveranstaltung","status":"publish","type":"post","link":"https:\/\/xn--rotrosagrn-ieb.de\/?p=1577","title":{"rendered":"Informationsveranstaltung Suhareke"},"content":{"rendered":"\n<p>Der Kosovo-Pakt hatte gerufen im Stadtanzeiger, in der Fellbacher Zeitung und auf einer Postkarte und es kamen 200 Fellbacherinnen in den Konzertsaal der Musikschule. Das Ganze war derart gelungen, da\u00df alle Beteiligten staunten. Es begann letzten Samstag mit dem Tanz der Kinder in Kosovo-Tracht. Dann sprach Oberb\u00fcrgermeisterin Gabriele Zull mit Skript und freier Rede ein Gru\u00dfwort. Danach gab es Begr\u00fc\u00dfungen von B\u00fcrgermeisterin Suka aus Suhareke und dem neuen Generalkonsul f\u00fcr den Kosovo aus Stuttgart. Frau Gashi von Handikos (Reha-Einrichtung f\u00fcr K\u00f6rperversehrte) war da und der k\u00fcnstlerische Leiter des Fellbach-Hauses Refki Gollopeni malte ein gro\u00dfes Bild auf der B\u00fchne. Alle hier genannten sind extra f\u00fcr diesen Tag aus Suhareke eingeflogen. <\/p>\n\n\n\n<p>Es gab noch wunderbare Musik und das Ganze wurde souver\u00e4n von Helmut Zahner moderiert. Es \u00fcbersetzte alles die Universit\u00e4ts-Dozentin Loreta Schillock Albanisch-Deutsch. Hannelore Rabenstein pr\u00e4sentierte Dias vom September 2023 aus dem Kosovo. Der Kosovo-Pakt kam auf die B\u00fchne und Gerlinde Thielecke hielt eine ergreifende Rede. Nach drei Stunden Sitzen konnten wir uns den Bauch vollschlagen mit bestem kosovarischen Essen und Trinken, B\u00f6rek, Baklava und Wein von dort. Ein Vertreter vom Energie-Trank und Fruchsaft und Wein vom Gut Theranda boten uns die K\u00f6stlichkeiten dar. Das war alles von Sadik Zogay, dem Vorsitzenden des Albanischen Kulturvereins organisiert. Sadik und Gerlinde sind der Kopf des Kosovo-Pakts.<\/p>\n\n\n\n<p>Unsere Reise, f\u00fcr die wir hier Werbung machten wird von 16. bis 22. September 2024 stattfinden. 700 Euro f\u00fcr die Fl\u00fcge, Bus, Halbpension in einem Drei-Sterne-Hotel. H\u00f6hepunkt ist hier das Erntedankfest Festari nat\u00fcrlich in Suhareke. Wenn du Interesse hast, kannst du mich jederzeit kontaktieren. Meine Kontaktdaten findest du im Herkunftsvermerk auf dieser Seite.<\/p>\n","protected":false},"excerpt":{"rendered":"<p>Der Kosovo-Pakt hatte gerufen im Stadtanzeiger, in der Fellbacher Zeitung und auf einer Postkarte und es kamen 200 Fellbacherinnen in den Konzertsaal der Musikschule. Das Ganze war derart gelungen, da\u00df alle Beteiligten staunten. Es begann letzten Samstag mit dem Tanz der Kinder in Kosovo-Tracht. Dann sprach Oberb\u00fcrgermeisterin Gabriele Zull mit Skript und freier Rede ein [&hellip;]<\/p>\n","protected":false},"author":2,"featured_media":0,"comment_status":"open","ping_status":"open","sticky":false,"template":"","format":"standard","meta":{"footnotes":""},"categories":[127,128,132],"tags":[85,106,12,60,47,80],"class_list":["post-1577","post","type-post","status-publish","format-standard","hentry","category-kultur","category-politik","category-wirtschaft","tag-fellbach-haus","tag-freundschaft","tag-frieden","tag-kosovo","tag-kultur","tag-suhareke"],"_links":{"self":[{"href":"https:\/\/xn--rotrosagrn-ieb.de\/index.php?rest_route=\/wp\/v2\/posts\/1577","targetHints":{"allow":["GET"]}}],"collection":[{"href":"https:\/\/xn--rotrosagrn-ieb.de\/index.php?rest_route=\/wp\/v2\/posts"}],"about":[{"href":"https:\/\/xn--rotrosagrn-ieb.de\/index.php?rest_route=\/wp\/v2\/types\/post"}],"author":[{"embeddable":true,"href":"https:\/\/xn--rotrosagrn-ieb.de\/index.php?rest_route=\/wp\/v2\/users\/2"}],"replies":[{"embeddable":true,"href":"https:\/\/xn--rotrosagrn-ieb.de\/index.php?rest_route=%2Fwp%2Fv2%2Fcomments&post=1577"}],"version-history":[{"count":2,"href":"https:\/\/xn--rotrosagrn-ieb.de\/index.php?rest_route=\/wp\/v2\/posts\/1577\/revisions"}],"predecessor-version":[{"id":1988,"href":"https:\/\/xn--rotrosagrn-ieb.de\/index.php?rest_route=\/wp\/v2\/posts\/1577\/revisions\/1988"}],"wp:attachment":[{"href":"https:\/\/xn--rotrosagrn-ieb.de\/index.php?rest_route=%2Fwp%2Fv2%2Fmedia&parent=1577"}],"wp:term":[{"taxonomy":"category","embeddable":true,"href":"https:\/\/xn--rotrosagrn-ieb.de\/index.php?rest_route=%2Fwp%2Fv2%2Fcategories&post=1577"},{"taxonomy":"post_tag","embeddable":true,"href":"https:\/\/xn--rotrosagrn-ieb.de\/index.php?rest_route=%2Fwp%2Fv2%2Ftags&post=1577"}],"curies":[{"name":"wp","href":"https:\/\/api.w.org\/{rel}","templated":true}]}}