{"id":1545,"date":"2024-03-15T23:09:38","date_gmt":"2024-03-15T22:09:38","guid":{"rendered":"https:\/\/xn--rotrosagrn-ieb.de\/?p=1545"},"modified":"2025-12-11T21:09:50","modified_gmt":"2025-12-11T20:09:50","slug":"der-vorstand-der-fellbacher-spd","status":"publish","type":"post","link":"https:\/\/xn--rotrosagrn-ieb.de\/?p=1545","title":{"rendered":"Der Vorstand der Fellbacher SPD"},"content":{"rendered":"\n<figure class=\"wp-block-image size-full\"><img loading=\"lazy\" decoding=\"async\" width=\"610\" height=\"480\" src=\"https:\/\/xn--rotrosagrn-ieb.de\/wp-content\/uploads\/2024\/03\/SPD-Fellbach.jpeg\" alt=\"\" class=\"wp-image-1547\" srcset=\"https:\/\/xn--rotrosagrn-ieb.de\/wp-content\/uploads\/2024\/03\/SPD-Fellbach.jpeg 610w, https:\/\/xn--rotrosagrn-ieb.de\/wp-content\/uploads\/2024\/03\/SPD-Fellbach-300x236.jpeg 300w, https:\/\/xn--rotrosagrn-ieb.de\/wp-content\/uploads\/2024\/03\/SPD-Fellbach-444x349.jpeg 444w\" sizes=\"auto, (max-width: 610px) 100vw, 610px\" \/><\/figure>\n\n\n\n<p>Von links nach rechts: Ursula Roth (Rentnerin), G\u00fclten Aysel (Unternehmerin), Marco Beckendorf (Wirtschaftspr\u00fcfer), Jolanda Ha\u00dfler (Studentin), Hans-Peter Krause (Rentner), Armin Fischer (Wirtschaftsingenieur) und Andreas M\u00f6hlmann (Archtitekt). Auf dem Bild fehlen Sebastian John (Student) und Harald Ra\u00df (Rentner). <a href=\"http:\/\/www.spd-fellbach.de\">http:\/\/www.spd-fellbach.de<\/a><\/p>\n","protected":false},"excerpt":{"rendered":"<p>Von links nach rechts: Ursula Roth (Rentnerin), G\u00fclten Aysel (Unternehmerin), Marco Beckendorf (Wirtschaftspr\u00fcfer), Jolanda Ha\u00dfler (Studentin), Hans-Peter Krause (Rentner), Armin Fischer (Wirtschaftsingenieur) und Andreas M\u00f6hlmann (Archtitekt). Auf dem Bild fehlen Sebastian John (Student) und Harald Ra\u00df (Rentner). http:\/\/www.spd-fellbach.de<\/p>\n","protected":false},"author":2,"featured_media":0,"comment_status":"open","ping_status":"open","sticky":false,"template":"","format":"standard","meta":{"footnotes":""},"categories":[128],"tags":[3],"class_list":["post-1545","post","type-post","status-publish","format-standard","hentry","category-politik","tag-spd"],"_links":{"self":[{"href":"https:\/\/xn--rotrosagrn-ieb.de\/index.php?rest_route=\/wp\/v2\/posts\/1545","targetHints":{"allow":["GET"]}}],"collection":[{"href":"https:\/\/xn--rotrosagrn-ieb.de\/index.php?rest_route=\/wp\/v2\/posts"}],"about":[{"href":"https:\/\/xn--rotrosagrn-ieb.de\/index.php?rest_route=\/wp\/v2\/types\/post"}],"author":[{"embeddable":true,"href":"https:\/\/xn--rotrosagrn-ieb.de\/index.php?rest_route=\/wp\/v2\/users\/2"}],"replies":[{"embeddable":true,"href":"https:\/\/xn--rotrosagrn-ieb.de\/index.php?rest_route=%2Fwp%2Fv2%2Fcomments&post=1545"}],"version-history":[{"count":2,"href":"https:\/\/xn--rotrosagrn-ieb.de\/index.php?rest_route=\/wp\/v2\/posts\/1545\/revisions"}],"predecessor-version":[{"id":1550,"href":"https:\/\/xn--rotrosagrn-ieb.de\/index.php?rest_route=\/wp\/v2\/posts\/1545\/revisions\/1550"}],"wp:attachment":[{"href":"https:\/\/xn--rotrosagrn-ieb.de\/index.php?rest_route=%2Fwp%2Fv2%2Fmedia&parent=1545"}],"wp:term":[{"taxonomy":"category","embeddable":true,"href":"https:\/\/xn--rotrosagrn-ieb.de\/index.php?rest_route=%2Fwp%2Fv2%2Fcategories&post=1545"},{"taxonomy":"post_tag","embeddable":true,"href":"https:\/\/xn--rotrosagrn-ieb.de\/index.php?rest_route=%2Fwp%2Fv2%2Ftags&post=1545"}],"curies":[{"name":"wp","href":"https:\/\/api.w.org\/{rel}","templated":true}]}}