{"id":1501,"date":"2024-02-19T19:58:05","date_gmt":"2024-02-19T18:58:05","guid":{"rendered":"https:\/\/xn--rotrosagrn-ieb.de\/?p=1501"},"modified":"2025-12-11T21:18:11","modified_gmt":"2025-12-11T20:18:11","slug":"staedtepartnerschaftsverein-spv","status":"publish","type":"post","link":"https:\/\/xn--rotrosagrn-ieb.de\/?p=1501","title":{"rendered":"St\u00e4dtepartnerschaftsverein (SPV)"},"content":{"rendered":"\n<p>Fellbach hat ja bekanntlich f\u00fcnf Partnerst\u00e4dte: Tain l&#8217;Hermitage und Tournon-sur-Rhone, die gegen\u00fcber am Rhoneufer liegen (Frankreich), Erba (Italien), Pecs (Ungarn) und Mei\u00dfen (Sachsen). Suhareke (Kosovo) ist daf\u00fcr in der Warteschleife und freundschaftlich verbunden. Nun gibt es eine Rathaus-Mitarbeiterin, Fenna Nacke, die sich ausschlie\u00dflich um die Partnerschaften k\u00fcmmert. Und der SPV, der sehr r\u00fchrig ist. Beim Fellbacher Herbst sind immer Delegationen aus diesen St\u00e4dten zu Besuch.<\/p>\n\n\n\n<p>Zum Beispiel organisierte der SPV zwei F\u00fchrungen durch die aktuelle Amadeo Modigliani-Ausstellung in der Staatsgalerie. Der Mann ist jung gestorben und hat auch nicht allzuviel gemalt. Und die Preise seiner Bilder steigen mittlerweile ins Unerme\u00dfliche. Die Pr\u00e4sentation wird erg\u00e4nzt durch Kirchner, Picasso, Modersohn-Becker, Klimt und weitere Zeitgenossen. Allein das lohnt den Gang in Baden-W\u00fcrttembergs wichtigste Galerie. Aber Achtung: der Andrang der Besucherinnen ist gro\u00df, also am Besten gleich nach \u00d6ffnung rein gehen (10 Uhr).<\/p>\n","protected":false},"excerpt":{"rendered":"<p>Fellbach hat ja bekanntlich f\u00fcnf Partnerst\u00e4dte: Tain l&#8217;Hermitage und Tournon-sur-Rhone, die gegen\u00fcber am Rhoneufer liegen (Frankreich), Erba (Italien), Pecs (Ungarn) und Mei\u00dfen (Sachsen). Suhareke (Kosovo) ist daf\u00fcr in der Warteschleife und freundschaftlich verbunden. Nun gibt es eine Rathaus-Mitarbeiterin, Fenna Nacke, die sich ausschlie\u00dflich um die Partnerschaften k\u00fcmmert. Und der SPV, der sehr r\u00fchrig ist. Beim [&hellip;]<\/p>\n","protected":false},"author":2,"featured_media":0,"comment_status":"open","ping_status":"open","sticky":false,"template":"","format":"standard","meta":{"footnotes":""},"categories":[127,128],"tags":[96,95,83,93,97],"class_list":["post-1501","post","type-post","status-publish","format-standard","hentry","category-kultur","category-politik","tag-frankreich","tag-italien","tag-kunst","tag-malerei","tag-spv"],"_links":{"self":[{"href":"https:\/\/xn--rotrosagrn-ieb.de\/index.php?rest_route=\/wp\/v2\/posts\/1501","targetHints":{"allow":["GET"]}}],"collection":[{"href":"https:\/\/xn--rotrosagrn-ieb.de\/index.php?rest_route=\/wp\/v2\/posts"}],"about":[{"href":"https:\/\/xn--rotrosagrn-ieb.de\/index.php?rest_route=\/wp\/v2\/types\/post"}],"author":[{"embeddable":true,"href":"https:\/\/xn--rotrosagrn-ieb.de\/index.php?rest_route=\/wp\/v2\/users\/2"}],"replies":[{"embeddable":true,"href":"https:\/\/xn--rotrosagrn-ieb.de\/index.php?rest_route=%2Fwp%2Fv2%2Fcomments&post=1501"}],"version-history":[{"count":3,"href":"https:\/\/xn--rotrosagrn-ieb.de\/index.php?rest_route=\/wp\/v2\/posts\/1501\/revisions"}],"predecessor-version":[{"id":1515,"href":"https:\/\/xn--rotrosagrn-ieb.de\/index.php?rest_route=\/wp\/v2\/posts\/1501\/revisions\/1515"}],"wp:attachment":[{"href":"https:\/\/xn--rotrosagrn-ieb.de\/index.php?rest_route=%2Fwp%2Fv2%2Fmedia&parent=1501"}],"wp:term":[{"taxonomy":"category","embeddable":true,"href":"https:\/\/xn--rotrosagrn-ieb.de\/index.php?rest_route=%2Fwp%2Fv2%2Fcategories&post=1501"},{"taxonomy":"post_tag","embeddable":true,"href":"https:\/\/xn--rotrosagrn-ieb.de\/index.php?rest_route=%2Fwp%2Fv2%2Ftags&post=1501"}],"curies":[{"name":"wp","href":"https:\/\/api.w.org\/{rel}","templated":true}]}}