{"id":1467,"date":"2024-01-25T00:02:52","date_gmt":"2024-01-24T23:02:52","guid":{"rendered":"https:\/\/xn--rotrosagrn-ieb.de\/?p=1467"},"modified":"2026-01-04T20:38:55","modified_gmt":"2026-01-04T19:38:55","slug":"spd-listen","status":"publish","type":"post","link":"https:\/\/xn--rotrosagrn-ieb.de\/?p=1467","title":{"rendered":"SPD-Listen"},"content":{"rendered":"\n<p>Es ist vollbracht, wir haben heute die Gemeinderatsliste und Kreistagsliste f\u00fcr die SPD Fellbach demokratisch gew\u00e4hlt. Zum Gemeinderat treten 31 Personen an, die ersten R\u00e4nge haben gute Chancen, das hei\u00dfbegehrte Stadtrats-Mandat zu erobern. Hier die vorderen 14 Pl\u00e4tze:<\/p>\n\n\n\n<p>1 Andreas M\u00f6hlmann<\/p>\n\n\n\n<p>2 Ruth Lemaire<\/p>\n\n\n\n<p>3 Hans-Peter Krause<\/p>\n\n\n\n<p>4 G\u00f6kay Sofuoglu<\/p>\n\n\n\n<p>5 Sarah Maurer<\/p>\n\n\n\n<p>6 Armin Fischer<\/p>\n\n\n\n<p>7 Ursula Roth<\/p>\n\n\n\n<p>8 Stephan Dieck<\/p>\n\n\n\n<p>9 Jolanda Ha\u00dfler<\/p>\n\n\n\n<p>10 Hidir Korkut<\/p>\n\n\n\n<p>11 Christa Kelle<\/p>\n\n\n\n<p>12 Gerald Wassum<\/p>\n\n\n\n<p>13 Ignazia Scoma<\/p>\n\n\n\n<p>14 Thomas Walter<\/p>\n\n\n\n<p>Und hier die ersten 4 Pl\u00e4tze f\u00fcr den Kreistag Rems-Murr:<\/p>\n\n\n\n<p>1 Doktor Matthias Zuchowski<\/p>\n\n\n\n<p>2 Jolanda Ha\u00dfler<\/p>\n\n\n\n<p>3 Sebastian B\u00fcrkle<\/p>\n\n\n\n<p>4 Armin Fischer<\/p>\n\n\n\n<p>Gew\u00e4hlt wurden letztes Mal f\u00fcnf in den Gemeinderat und eine in den Kreistag. Die Wahlen finden statt am Sonntag, dem 9. Juni von 8 bis 18 Uhr. G\u00fclten Aysel mu\u00dfte aufgrund widriger Umst\u00e4nde ihre Kandidaturen zur\u00fcckziehen.<\/p>\n","protected":false},"excerpt":{"rendered":"<p>Es ist vollbracht, wir haben heute die Gemeinderatsliste und Kreistagsliste f\u00fcr die SPD Fellbach demokratisch gew\u00e4hlt. Zum Gemeinderat treten 31 Personen an, die ersten R\u00e4nge haben gute Chancen, das hei\u00dfbegehrte Stadtrats-Mandat zu erobern. Hier die vorderen 14 Pl\u00e4tze: 1 Andreas M\u00f6hlmann 2 Ruth Lemaire 3 Hans-Peter Krause 4 G\u00f6kay Sofuoglu 5 Sarah Maurer 6 Armin [&hellip;]<\/p>\n","protected":false},"author":2,"featured_media":0,"comment_status":"open","ping_status":"open","sticky":false,"template":"","format":"standard","meta":{"footnotes":""},"categories":[128],"tags":[9,90,3],"class_list":["post-1467","post","type-post","status-publish","format-standard","hentry","category-politik","tag-gemeinderat","tag-kreistag","tag-spd"],"_links":{"self":[{"href":"https:\/\/xn--rotrosagrn-ieb.de\/index.php?rest_route=\/wp\/v2\/posts\/1467","targetHints":{"allow":["GET"]}}],"collection":[{"href":"https:\/\/xn--rotrosagrn-ieb.de\/index.php?rest_route=\/wp\/v2\/posts"}],"about":[{"href":"https:\/\/xn--rotrosagrn-ieb.de\/index.php?rest_route=\/wp\/v2\/types\/post"}],"author":[{"embeddable":true,"href":"https:\/\/xn--rotrosagrn-ieb.de\/index.php?rest_route=\/wp\/v2\/users\/2"}],"replies":[{"embeddable":true,"href":"https:\/\/xn--rotrosagrn-ieb.de\/index.php?rest_route=%2Fwp%2Fv2%2Fcomments&post=1467"}],"version-history":[{"count":4,"href":"https:\/\/xn--rotrosagrn-ieb.de\/index.php?rest_route=\/wp\/v2\/posts\/1467\/revisions"}],"predecessor-version":[{"id":1581,"href":"https:\/\/xn--rotrosagrn-ieb.de\/index.php?rest_route=\/wp\/v2\/posts\/1467\/revisions\/1581"}],"wp:attachment":[{"href":"https:\/\/xn--rotrosagrn-ieb.de\/index.php?rest_route=%2Fwp%2Fv2%2Fmedia&parent=1467"}],"wp:term":[{"taxonomy":"category","embeddable":true,"href":"https:\/\/xn--rotrosagrn-ieb.de\/index.php?rest_route=%2Fwp%2Fv2%2Fcategories&post=1467"},{"taxonomy":"post_tag","embeddable":true,"href":"https:\/\/xn--rotrosagrn-ieb.de\/index.php?rest_route=%2Fwp%2Fv2%2Ftags&post=1467"}],"curies":[{"name":"wp","href":"https:\/\/api.w.org\/{rel}","templated":true}]}}