{"id":1223,"date":"2023-03-05T09:15:05","date_gmt":"2023-03-05T08:15:05","guid":{"rendered":"https:\/\/xn--rotrosagrn-ieb.de\/?p=1223"},"modified":"2026-04-29T16:34:35","modified_gmt":"2026-04-29T14:34:35","slug":"waldschloessle","status":"publish","type":"post","link":"https:\/\/xn--rotrosagrn-ieb.de\/?p=1223","title":{"rendered":"Waldschl\u00f6\u00dfle"},"content":{"rendered":"\n<p>Bald wird das Ausflugslokal am Kappelberg mit einer phantastischen Aussicht tief ins Remstal wiederer\u00f6ffnet. Das Geb\u00e4ude lag mehrere Jahre brach und wurde nicht genutzt. Eigent\u00fcmer war die evangelische Kirche, die das Objekt vor zwei Jahren an die Stadt Fellbach bzw an die feel GmbH verkauft hatte. Zu feel geh\u00f6ren die Schwabenlandhalle, die Alte Kelter, die Schmidener Festhalle und nun auch das Waldschl\u00f6\u00dfle. Das Geb\u00e4ude beinhaltet zwei S\u00e4ale, in die 200 Menschen reinpassen, gut geeignet f\u00fcr private Feiern und Hochzeiten. So war es auch vor dem Leerstand. Hier veranstaltete die evangelische Kirche immer das legend\u00e4re Waldheim, eine Erholung f\u00fcr Kinder in den Sommerferien (gleichzeitig ist auch das Waldheim der AWO am Naturfreundehaus). Im Erdgescho\u00df gibt es eine Gastronomie von einem jungen P\u00e4archen mit Hochgenu\u00df und Au\u00dfenbereich und deutsch-schw\u00e4bischer K\u00fcche und nat\u00fcrlich Fellbacher Wein. Dazu geh\u00f6rt auch der Waldkindergarten, der vom evangelischen Verein getragen wird.<\/p>\n","protected":false},"excerpt":{"rendered":"<p>Bald wird das Ausflugslokal am Kappelberg mit einer phantastischen Aussicht tief ins Remstal wiederer\u00f6ffnet. Das Geb\u00e4ude lag mehrere Jahre brach und wurde nicht genutzt. Eigent\u00fcmer war die evangelische Kirche, die das Objekt vor zwei Jahren an die Stadt Fellbach bzw an die feel GmbH verkauft hatte. Zu feel geh\u00f6ren die Schwabenlandhalle, die Alte Kelter, die [&hellip;]<\/p>\n","protected":false},"author":2,"featured_media":0,"comment_status":"open","ping_status":"open","sticky":false,"template":"","format":"standard","meta":{"footnotes":""},"categories":[150,135,155,134],"tags":[73,51],"class_list":["post-1223","post","type-post","status-publish","format-standard","hentry","category-architektur","category-ausflug","category-ernaehrung","category-freizeit","tag-feel","tag-kirche"],"_links":{"self":[{"href":"https:\/\/xn--rotrosagrn-ieb.de\/index.php?rest_route=\/wp\/v2\/posts\/1223","targetHints":{"allow":["GET"]}}],"collection":[{"href":"https:\/\/xn--rotrosagrn-ieb.de\/index.php?rest_route=\/wp\/v2\/posts"}],"about":[{"href":"https:\/\/xn--rotrosagrn-ieb.de\/index.php?rest_route=\/wp\/v2\/types\/post"}],"author":[{"embeddable":true,"href":"https:\/\/xn--rotrosagrn-ieb.de\/index.php?rest_route=\/wp\/v2\/users\/2"}],"replies":[{"embeddable":true,"href":"https:\/\/xn--rotrosagrn-ieb.de\/index.php?rest_route=%2Fwp%2Fv2%2Fcomments&post=1223"}],"version-history":[{"count":1,"href":"https:\/\/xn--rotrosagrn-ieb.de\/index.php?rest_route=\/wp\/v2\/posts\/1223\/revisions"}],"predecessor-version":[{"id":1224,"href":"https:\/\/xn--rotrosagrn-ieb.de\/index.php?rest_route=\/wp\/v2\/posts\/1223\/revisions\/1224"}],"wp:attachment":[{"href":"https:\/\/xn--rotrosagrn-ieb.de\/index.php?rest_route=%2Fwp%2Fv2%2Fmedia&parent=1223"}],"wp:term":[{"taxonomy":"category","embeddable":true,"href":"https:\/\/xn--rotrosagrn-ieb.de\/index.php?rest_route=%2Fwp%2Fv2%2Fcategories&post=1223"},{"taxonomy":"post_tag","embeddable":true,"href":"https:\/\/xn--rotrosagrn-ieb.de\/index.php?rest_route=%2Fwp%2Fv2%2Ftags&post=1223"}],"curies":[{"name":"wp","href":"https:\/\/api.w.org\/{rel}","templated":true}]}}