{"id":1214,"date":"2023-02-22T14:02:46","date_gmt":"2023-02-22T13:02:46","guid":{"rendered":"https:\/\/xn--rotrosagrn-ieb.de\/?p=1214"},"modified":"2026-04-29T16:35:41","modified_gmt":"2026-04-29T14:35:41","slug":"gscheidles","status":"publish","type":"post","link":"https:\/\/xn--rotrosagrn-ieb.de\/?p=1214","title":{"rendered":"Gscheidles"},"content":{"rendered":"\n<p>Am 12. Januar 2023 gastierten erneut Alois und Elsbeth Gscheidle im Haus der Rosen beim Rosenmeister und Stadtrat der Freien W\u00e4hlerinnen Peter Schwarzkopf (Fellbacher Schnittrosen). Das Paar steht schon seit 30 Jahren zusammen auf der Kleinkunstb\u00fchne. Das Markenzeichen der Schmidenerin Elsbeth ist der Haarknopf an der Stirn. Das B\u00fchnenpaar hat auch zwei Jugendliche mitgebracht. Deshalb auch der Titel des aktuellen Programms &#8222;Alt ond Jong zamma&#8220;. Es gab eine B\u00fcttenrede ihrer &#8222;Tochter&#8220; und eine abartige Rechnung ihres &#8222;Sohnes&#8220;. Dann im eigentlichen Programm liefen die Alten zur Hochfom auf, derb und frivol. Es wurde nur Schw\u00e4bisch geredet und mensch verstand alles. Bauerntheater der hohen Kunst. Einige Einf\u00e4lle waren Klasse, es gab genug zu lachen. Nur mit den Akademikerinnen haben sie es nicht so, obwohl sie die Gscheidles sind&#8230; <a href=\"http:\/\/www.fellbacher-schnittrosen.de\">http:\/\/www.fellbacher-schnittrosen.de<\/a> <\/p>\n\n\n\n<p><\/p>\n","protected":false},"excerpt":{"rendered":"<p>Am 12. Januar 2023 gastierten erneut Alois und Elsbeth Gscheidle im Haus der Rosen beim Rosenmeister und Stadtrat der Freien W\u00e4hlerinnen Peter Schwarzkopf (Fellbacher Schnittrosen). Das Paar steht schon seit 30 Jahren zusammen auf der Kleinkunstb\u00fchne. Das Markenzeichen der Schmidenerin Elsbeth ist der Haarknopf an der Stirn. Das B\u00fchnenpaar hat auch zwei Jugendliche mitgebracht. Deshalb [&hellip;]<\/p>\n","protected":false},"author":2,"featured_media":0,"comment_status":"open","ping_status":"open","sticky":false,"template":"","format":"standard","meta":{"footnotes":""},"categories":[133,127,128,132],"tags":[72,71],"class_list":["post-1214","post","type-post","status-publish","format-standard","hentry","category-klima","category-kultur","category-politik","category-wirtschaft","tag-fw-fd","tag-kabarett"],"_links":{"self":[{"href":"https:\/\/xn--rotrosagrn-ieb.de\/index.php?rest_route=\/wp\/v2\/posts\/1214","targetHints":{"allow":["GET"]}}],"collection":[{"href":"https:\/\/xn--rotrosagrn-ieb.de\/index.php?rest_route=\/wp\/v2\/posts"}],"about":[{"href":"https:\/\/xn--rotrosagrn-ieb.de\/index.php?rest_route=\/wp\/v2\/types\/post"}],"author":[{"embeddable":true,"href":"https:\/\/xn--rotrosagrn-ieb.de\/index.php?rest_route=\/wp\/v2\/users\/2"}],"replies":[{"embeddable":true,"href":"https:\/\/xn--rotrosagrn-ieb.de\/index.php?rest_route=%2Fwp%2Fv2%2Fcomments&post=1214"}],"version-history":[{"count":2,"href":"https:\/\/xn--rotrosagrn-ieb.de\/index.php?rest_route=\/wp\/v2\/posts\/1214\/revisions"}],"predecessor-version":[{"id":2108,"href":"https:\/\/xn--rotrosagrn-ieb.de\/index.php?rest_route=\/wp\/v2\/posts\/1214\/revisions\/2108"}],"wp:attachment":[{"href":"https:\/\/xn--rotrosagrn-ieb.de\/index.php?rest_route=%2Fwp%2Fv2%2Fmedia&parent=1214"}],"wp:term":[{"taxonomy":"category","embeddable":true,"href":"https:\/\/xn--rotrosagrn-ieb.de\/index.php?rest_route=%2Fwp%2Fv2%2Fcategories&post=1214"},{"taxonomy":"post_tag","embeddable":true,"href":"https:\/\/xn--rotrosagrn-ieb.de\/index.php?rest_route=%2Fwp%2Fv2%2Ftags&post=1214"}],"curies":[{"name":"wp","href":"https:\/\/api.w.org\/{rel}","templated":true}]}}