{"id":1211,"date":"2023-02-15T22:38:03","date_gmt":"2023-02-15T21:38:03","guid":{"rendered":"https:\/\/xn--rotrosagrn-ieb.de\/?p=1211"},"modified":"2026-04-29T16:37:54","modified_gmt":"2026-04-29T14:37:54","slug":"mein-spd-beitrag-fuer-den-stadtanzeiger-am-22-2-23","status":"publish","type":"post","link":"https:\/\/xn--rotrosagrn-ieb.de\/?p=1211","title":{"rendered":"Mein SPD-Beitrag f\u00fcr den Stadtanzeiger am 22.2.23"},"content":{"rendered":"\n<p>Mein Wechsel von der Linkspartei zur\u00fcck zur SPD verlief reibungslos. Drei Stimmen seien beispielhaft erw\u00e4hnt: eine ehemalige Amtsleiterin sprach mir ihren Gl\u00fcckwunsch aus, der Stimmenk\u00f6nig einer Nachbargemeinde meinte, ich solle als Parteiloser im Gemeinderat weiter arbeiten. Und ein Kurzzeitgenosse fand, ich sei wegen des Pazifismus in die Linkspartei eingetreten und wegen des Pazifismus wieder ausgetreten. Die SPD ist wie eine gro\u00dfe Familie und hat allein in Fellbach mehr Mitglieder als der gesamte Kreisverband Rems-Murr der Linkspartei. Kanzler und Pr\u00e4sident geh\u00f6ren der SPD an, beide sind f\u00fcr mich Vorbilder. Beim letzten SPD-Informations-Stand vor dem Weltladen zum Thema Pflege staunte ich \u00fcber den Zuspruch der Fu\u00dfg\u00e4ngerinnen, sowas hatte ich an gleicher Stelle in 5 Jahren Linkspartei nie erlebt.<\/p>\n\n\n\n<p>Die n\u00e4chsten Sendungen meiner &#8222;Fellb\u00e4cherin&#8220; im Freien Radio f\u00fcr Stuttgart (99,2 Antenne und 102,1 Kabel): am Sonntag, 19. M\u00e4rz 20 Uhr mit Kurt Schmauder (Diakon beim CVJM Fellbach und Theologe) und am Sonntag 16. April 20 Uhr mit Christa Linsenmaier-Wolf (Kulturamtsleiterin im Ruhestand und Vorsitzende der Kulturgemeinschaft Fellbach). Mehr Informationen dazu \u00fcber&nbsp;<a href=\"https:\/\/deref-web.de\/mail\/client\/htNBrSF2PBM\/dereferrer\/?redirectUrl=https%3A%2F%2Fderef-web.de%2Fmail%2Fclient%2FT6K2QvEr3ao%2Fdereferrer%2F%3FredirectUrl%3Dhttp%253A%252F%252Fwww.rotrosagr%25C3%25BCn.de\" target=\"_blank\" rel=\"noreferrer noopener\">www.rotrosagr\u00fcn.de<\/a>, meiner linken Fellbach-Seite. Vergangene Sendungen sind im Netz nachzuh\u00f6ren durch Kontaktaufnahme \u00fcber <a href=\"mailto:amokfisch@web.de\" target=\"_blank\" rel=\"noreferrer noopener\">amokfisch@web.de<\/a> zu meiner Wolke. Das freie Radio ist links-alternativ, sendet rund um die Uhr ohne Werbung und ohne Nachrichten. Dieser Sender ist nur im ganzen Stadtgebiet Fellbach komplett empfangbar. Im \u00c4ther seit 1996. Finanziert aus Rundfunkgeb\u00fchren und ein ehrenamtlicher Betrieb.<\/p>\n","protected":false},"excerpt":{"rendered":"<p>Mein Wechsel von der Linkspartei zur\u00fcck zur SPD verlief reibungslos. Drei Stimmen seien beispielhaft erw\u00e4hnt: eine ehemalige Amtsleiterin sprach mir ihren Gl\u00fcckwunsch aus, der Stimmenk\u00f6nig einer Nachbargemeinde meinte, ich solle als Parteiloser im Gemeinderat weiter arbeiten. Und ein Kurzzeitgenosse fand, ich sei wegen des Pazifismus in die Linkspartei eingetreten und wegen des Pazifismus wieder ausgetreten. [&hellip;]<\/p>\n","protected":false},"author":2,"featured_media":0,"comment_status":"open","ping_status":"open","sticky":false,"template":"","format":"standard","meta":{"footnotes":""},"categories":[128],"tags":[58,47,4,70,3],"class_list":["post-1211","post","type-post","status-publish","format-standard","hentry","category-politik","tag-frs","tag-kultur","tag-linke","tag-religion","tag-spd"],"_links":{"self":[{"href":"https:\/\/xn--rotrosagrn-ieb.de\/index.php?rest_route=\/wp\/v2\/posts\/1211","targetHints":{"allow":["GET"]}}],"collection":[{"href":"https:\/\/xn--rotrosagrn-ieb.de\/index.php?rest_route=\/wp\/v2\/posts"}],"about":[{"href":"https:\/\/xn--rotrosagrn-ieb.de\/index.php?rest_route=\/wp\/v2\/types\/post"}],"author":[{"embeddable":true,"href":"https:\/\/xn--rotrosagrn-ieb.de\/index.php?rest_route=\/wp\/v2\/users\/2"}],"replies":[{"embeddable":true,"href":"https:\/\/xn--rotrosagrn-ieb.de\/index.php?rest_route=%2Fwp%2Fv2%2Fcomments&post=1211"}],"version-history":[{"count":1,"href":"https:\/\/xn--rotrosagrn-ieb.de\/index.php?rest_route=\/wp\/v2\/posts\/1211\/revisions"}],"predecessor-version":[{"id":1212,"href":"https:\/\/xn--rotrosagrn-ieb.de\/index.php?rest_route=\/wp\/v2\/posts\/1211\/revisions\/1212"}],"wp:attachment":[{"href":"https:\/\/xn--rotrosagrn-ieb.de\/index.php?rest_route=%2Fwp%2Fv2%2Fmedia&parent=1211"}],"wp:term":[{"taxonomy":"category","embeddable":true,"href":"https:\/\/xn--rotrosagrn-ieb.de\/index.php?rest_route=%2Fwp%2Fv2%2Fcategories&post=1211"},{"taxonomy":"post_tag","embeddable":true,"href":"https:\/\/xn--rotrosagrn-ieb.de\/index.php?rest_route=%2Fwp%2Fv2%2Ftags&post=1211"}],"curies":[{"name":"wp","href":"https:\/\/api.w.org\/{rel}","templated":true}]}}