{"id":1031,"date":"2022-07-24T11:59:53","date_gmt":"2022-07-24T09:59:53","guid":{"rendered":"http:\/\/xn--rotrosagrn-ieb.de\/?p=1031"},"modified":"2026-04-29T16:53:47","modified_gmt":"2026-04-29T14:53:47","slug":"joo-kraus-trio","status":"publish","type":"post","link":"https:\/\/xn--rotrosagrn-ieb.de\/?p=1031","title":{"rendered":"Joo Kraus Trio"},"content":{"rendered":"\n<p>Am vergangenen Freitag spielte ein wunderbares Jazz-Trio um den Ulmer Trompeter und Fl\u00fcgelhornisten Joo Kraus herum innerhalb der Kleinplastik-Triennale in der Alten Kelter auf. Mit von der Partie waren die beiden Landesjazzpreistr\u00e4ger Jo Ambros an der Gitarre und Sebastian Schuster am Kontraba\u00df. Auf Anfrage von Kristiane Becker vom Kulturamt stellte der Echo Jazz-Preistr\u00e4ger und ehemalige H\u00e4lfte von Tab Two, Joo Kraus, diese tolle Formation zusammen, extra f\u00fcr Fellbach. Die Drei spielten trotz der Hitze, wegen der Kraus sein Fl\u00fcgelhorn nicht spielen konnte, wunderbar in sich gekehrt und hochkomplex. Es war eine Wohltat, mal wieder solch ein hochkar\u00e4tiges Jazzkonzert in Fellbach zu erleben.<\/p>\n","protected":false},"excerpt":{"rendered":"<p>Am vergangenen Freitag spielte ein wunderbares Jazz-Trio um den Ulmer Trompeter und Fl\u00fcgelhornisten Joo Kraus herum innerhalb der Kleinplastik-Triennale in der Alten Kelter auf. Mit von der Partie waren die beiden Landesjazzpreistr\u00e4ger Jo Ambros an der Gitarre und Sebastian Schuster am Kontraba\u00df. Auf Anfrage von Kristiane Becker vom Kulturamt stellte der Echo Jazz-Preistr\u00e4ger und ehemalige [&hellip;]<\/p>\n","protected":false},"author":2,"featured_media":0,"comment_status":"open","ping_status":"open","sticky":false,"template":"","format":"standard","meta":{"footnotes":""},"categories":[142,127],"tags":[46,57],"class_list":["post-1031","post","type-post","status-publish","format-standard","hentry","category-konzert","category-kultur","tag-jazz","tag-triennale"],"_links":{"self":[{"href":"https:\/\/xn--rotrosagrn-ieb.de\/index.php?rest_route=\/wp\/v2\/posts\/1031","targetHints":{"allow":["GET"]}}],"collection":[{"href":"https:\/\/xn--rotrosagrn-ieb.de\/index.php?rest_route=\/wp\/v2\/posts"}],"about":[{"href":"https:\/\/xn--rotrosagrn-ieb.de\/index.php?rest_route=\/wp\/v2\/types\/post"}],"author":[{"embeddable":true,"href":"https:\/\/xn--rotrosagrn-ieb.de\/index.php?rest_route=\/wp\/v2\/users\/2"}],"replies":[{"embeddable":true,"href":"https:\/\/xn--rotrosagrn-ieb.de\/index.php?rest_route=%2Fwp%2Fv2%2Fcomments&post=1031"}],"version-history":[{"count":2,"href":"https:\/\/xn--rotrosagrn-ieb.de\/index.php?rest_route=\/wp\/v2\/posts\/1031\/revisions"}],"predecessor-version":[{"id":1033,"href":"https:\/\/xn--rotrosagrn-ieb.de\/index.php?rest_route=\/wp\/v2\/posts\/1031\/revisions\/1033"}],"wp:attachment":[{"href":"https:\/\/xn--rotrosagrn-ieb.de\/index.php?rest_route=%2Fwp%2Fv2%2Fmedia&parent=1031"}],"wp:term":[{"taxonomy":"category","embeddable":true,"href":"https:\/\/xn--rotrosagrn-ieb.de\/index.php?rest_route=%2Fwp%2Fv2%2Fcategories&post=1031"},{"taxonomy":"post_tag","embeddable":true,"href":"https:\/\/xn--rotrosagrn-ieb.de\/index.php?rest_route=%2Fwp%2Fv2%2Ftags&post=1031"}],"curies":[{"name":"wp","href":"https:\/\/api.w.org\/{rel}","templated":true}]}}